{"id":199,"date":"2026-09-03T20:56:05","date_gmt":"2026-09-03T18:56:05","guid":{"rendered":"https:\/\/apeldoorn2025.nl\/trends\/de-vrouwenrace-van-central-lechera-asturiana-in-zaragoza-2026-opent-inschrijvingen\/"},"modified":"2026-09-03T20:56:06","modified_gmt":"2026-09-03T18:56:06","slug":"de-vrouwenrace-van-central-lechera-asturiana-in-zaragoza-2026-opent-inschrijvingen","status":"publish","type":"post","link":"https:\/\/apeldoorn2025.nl\/trends\/de-vrouwenrace-van-central-lechera-asturiana-in-zaragoza-2026-opent-inschrijvingen\/","title":{"rendered":"De Vrouwenrace van Central Lechera Asturiana in Zaragoza 2026 opent inschrijvingen"},"content":{"rendered":"<p>De Carrera de la Mujer Central Lechera Asturiana zal komend zondag 8 november weer door de straten van Zaragoza trekken. Vanaf deze woensdag 2 september kunnen alle vrouwen die deel willen uitmaken van een van de meest drukbezochte en bijzondere momenten van de sportkalender van de stad zich inschrijven <u>via de offici\u00eble website van de race<\/u>.<\/p>\n<p>SCHRIJF JE HIER IN<\/p>\n<div class=\"banner\">\n            <\/div>\n<p>De wedstrijd in Zaragoza zal de zevende halte zijn in het nationale circuit van 2026, na de edities in Gran Canaria, Madrid, Vitoria-Gasteiz, Valencia en Gij\u00f3n, en na de geplande ontmoeting in A Coru\u00f1a op 27 september. Na haar passage door de hoofdstad van Arag\u00f3n zal het circuit verder gaan naar Sevilla op 15 november en zal het seizoen afsluiten in Barcelona op 22 november.<\/p>\n<div class=\"banner\">\n            <\/div>\n<p><b>Een van de meest drukbezochte sportevenementen van de stad<\/b><\/p>\n<div class=\"banner\"><\/div>\n<p>Zaragoza zal zo opnieuw het decor worden van een grote sportdag die vrouwen van heel diverse achtergronden en leeftijden zal samenbrengen. De deelnemers kunnen de route voltooien door te rennen of te wandelen, vergezeld door vriendinnen, familie en collega-vrouwen, in een afspraak die het beoefenen van lichaamsbeweging en gezonde leefgewoonten promoot, terwijl het de rol van vrouwen benadrukt en verschillende maatschappelijke doelen zichtbaar maakt.<\/p>\n<p>De stad gaat deze nieuwe editie tegemoet na een historisch jaar in 2025, toen de Carrera de la Mujer 15.000 deelnemers bijeen bracht, waardoor het zich vestigde als een van de meest drukbezochte momenten van het circuit.<\/p>\n<div class=\"banner\">\n            <\/div>\n<p>Ook maatschappelijke betrokkenheid zal aanwezig zijn via de sectie +SolidariAs, die in Zaragoza een van de leidende projecten zal omvatten met <u>Somos M\u00e1s, Mujeres Sobrevivientes de la Violencia Machista<\/u>, een Aragonese vereniging gevormd en geleid door vrouwen die geweld tegen vrouwen hebben meegemaakt.<\/p>\n<p>De entiteit, die in 2026 tien jaar bestaat, werkt eraan dat geen enkele vrouw haar herstelproces alleen hoeft te doorlopen. Dus, onder haar belangrijkste initiatieven onderscheidt zich het programma Mentoras-Acompa\u00f1antes, gebaseerd op onderlinge ondersteuning, waaraan ook psychologische zorg, preventie, bewustwording en opleiding worden toegevoegd. De vereniging zal ook aanwezig zijn op de Feria de la Corredora, waar de deelnemers haar werk van dichtbij kunnen leren kennen.<\/p>\n<p>Daarnaast zullen, zoals in de afgelopen edities, 100% solidariteitsstartnummers worden verkocht ten voordele van AMAC-GEMA, de Asociaci\u00f3n de Mujeres Aragonesas de C\u00e1ncer Genital y de Mama.<\/p>\n<div class=\"banner\">\n            <\/div>\n<p><b>Een vast engagement voor de gezondheid, het onderzoek en de vrouwenrechten<\/b><\/p>\n<p>De Carrera de la Mujer houdt haar inzet voor gezondheid, onderzoek en de rechten van vrouwen. In 2025 heeft het circuit 20% van de inschrijfgelden toegewezen aan sociale doelen, een inzet die ook in 2026 voortgezet wordt en waarvan de gegevens op haar transparantieportaal kunnen worden geraadpleegd.<\/p>\n<p>Het nationale circuit overschreed vorig jaar de historische grens van 1.500.000 deelnemers, opgebouwd sinds de oprichting in 2004, waardoor het zich heeft gevestigd als het grootste vrouwelijke sportevenement van Europa. Een traject dat blijft groeien op basis van dezelfde structurele maatschappelijke inzet die het vanaf het begin vergezelt, aanwezig in elke editie door steun aan de gezondheid, het onderzoek naar borstkanker, de vrouwenrechten en de strijd tegen geweld tegen vrouwen.<\/p>\n<div class=\"banner\">\n            <\/div>\n<p>Inschrijvingen en alle details op de offici\u00eble website\u00a0<u>https:\/\/www.carreradelamujer.com\/en\/muj-zaragoza<\/u><\/p>\n<p>\u00a0<\/p>\n<p>\u00a0<\/p>\n","protected":false},"excerpt":{"rendered":"<p>De Carrera de la Mujer Central Lechera Asturiana zal komend zondag 8 november weer door de straten van Zaragoza trekken. Vanaf deze woensdag 2 september kunnen alle vrouwen die deel willen uitmaken van een van de meest drukbezochte en bijzondere momenten van de sportkalender van de stad zich inschrijven via de offici\u00eble website van de &#8230; <a title=\"De Vrouwenrace van Central Lechera Asturiana in Zaragoza 2026 opent inschrijvingen\" class=\"read-more\" href=\"https:\/\/apeldoorn2025.nl\/trends\/de-vrouwenrace-van-central-lechera-asturiana-in-zaragoza-2026-opent-inschrijvingen\/\" aria-label=\"Lees meer over De Vrouwenrace van Central Lechera Asturiana in Zaragoza 2026 opent inschrijvingen\">Lees verder<\/a><\/p>\n","protected":false},"author":1,"featured_media":200,"comment_status":"open","ping_status":"open","sticky":false,"template":"","format":"standard","meta":{"footnotes":""},"categories":[1],"tags":[268,266,211,267,270,95,265,269],"class_list":["post-199","post","type-post","status-publish","format-standard","has-post-thumbnail","hentry","category-niet-gecategoriseerd","tag-asturiana","tag-central","tag-inschrijvingen","tag-lechera","tag-opent","tag-van","tag-vrouwenrace","tag-zaragoza"],"_links":{"self":[{"href":"https:\/\/apeldoorn2025.nl\/trends\/wp-json\/wp\/v2\/posts\/199","targetHints":{"allow":["GET"]}}],"collection":[{"href":"https:\/\/apeldoorn2025.nl\/trends\/wp-json\/wp\/v2\/posts"}],"about":[{"href":"https:\/\/apeldoorn2025.nl\/trends\/wp-json\/wp\/v2\/types\/post"}],"author":[{"embeddable":true,"href":"https:\/\/apeldoorn2025.nl\/trends\/wp-json\/wp\/v2\/users\/1"}],"replies":[{"embeddable":true,"href":"https:\/\/apeldoorn2025.nl\/trends\/wp-json\/wp\/v2\/comments?post=199"}],"version-history":[{"count":1,"href":"https:\/\/apeldoorn2025.nl\/trends\/wp-json\/wp\/v2\/posts\/199\/revisions"}],"predecessor-version":[{"id":201,"href":"https:\/\/apeldoorn2025.nl\/trends\/wp-json\/wp\/v2\/posts\/199\/revisions\/201"}],"wp:featuredmedia":[{"embeddable":true,"href":"https:\/\/apeldoorn2025.nl\/trends\/wp-json\/wp\/v2\/media\/200"}],"wp:attachment":[{"href":"https:\/\/apeldoorn2025.nl\/trends\/wp-json\/wp\/v2\/media?parent=199"}],"wp:term":[{"taxonomy":"category","embeddable":true,"href":"https:\/\/apeldoorn2025.nl\/trends\/wp-json\/wp\/v2\/categories?post=199"},{"taxonomy":"post_tag","embeddable":true,"href":"https:\/\/apeldoorn2025.nl\/trends\/wp-json\/wp\/v2\/tags?post=199"}],"curies":[{"name":"wp","href":"https:\/\/api.w.org\/{rel}","templated":true}]}}